{"id":5418,"date":"2019-09-25T09:00:28","date_gmt":"2019-09-25T09:00:28","guid":{"rendered":"https:\/\/www.ohub.com.br\/ideias\/?p=5418"},"modified":"2021-01-29T20:55:06","modified_gmt":"2021-01-29T20:55:06","slug":"destituicao-de-sindico-profissional","status":"publish","type":"post","link":"https:\/\/www.ohub.com.br\/ideias\/destituicao-de-sindico-profissional\/","title":{"rendered":"Destitui\u00e7\u00e3o de s\u00edndico profissional: descubra como funciona esse processo"},"content":{"rendered":"<p><span style=\"font-weight: 400;\">H\u00e1 muitas d\u00favidas em rela\u00e7\u00e3o \u00e0 <\/span><b>destitui\u00e7\u00e3o de <\/b><a href=\"https:\/\/www.ohub.com.br\/ideias\/o-que-faz-um-sindico-profissional\/\"><b>s\u00edndico profissional<\/b><span style=\"font-weight: 400;\">.<\/span><\/a><span style=\"font-weight: 400;\"> Uma das raz\u00f5es \u00e9 a incerteza sobre o cargo. Afinal, ele \u00e9 um representante do condom\u00ednio ou apenas um funcion\u00e1rio terceirizado?<\/span><\/p>\n<p><span style=\"font-weight: 400;\">Segundo o advogado Rodrigo Karpat, essa pol\u00eamica acontece porque as opini\u00f5es s\u00e3o divididas. Alguns condom\u00ednios consideram o s\u00edndico profissional apenas um prestador de servi\u00e7os. No entanto, outros defendem que se trata de um funcion\u00e1rio diferenciado. Logo, acreditam o processo deve acontecer da mesma forma que o do <\/span><a href=\"https:\/\/www.ohub.com.br\/ideias\/sindico-profissional-ou-morador\/\"><span style=\"font-weight: 400;\">s\u00edndico morador<\/span><\/a><span style=\"font-weight: 400;\">. Ou seja, em assembleia.&nbsp;<\/span><\/p>\n<p><span style=\"font-weight: 400;\">Karpat tamb\u00e9m diz:&nbsp;<\/span><\/p>\n<blockquote><p><a href=\"https:\/\/www.infomoney.com.br\/imoveis\/noticia\/2106889\/sindico-profissional-conheca-alguns-cuidados-sua-contratacao\" target=\"_blank\" rel=\"noopener noreferrer\"><span style=\"font-weight: 400;\">\u201c\u00c9 certo que o s\u00edndico profissional \u00e9 um prestador de servi\u00e7os e n\u00e3o pode oferecer resist\u00eancia caso o condom\u00ednio decida substitu\u00ed-lo. Dessa forma, ressalta-se mais uma vez a import\u00e2ncia do conselho atuante, que poder\u00e1 administrar a contrata\u00e7\u00e3o ou demiss\u00e3o do s\u00edndico profissional\u201d.<\/span><\/a><\/p><\/blockquote>\n<p><span style=\"font-weight: 400;\">Quer saber <\/span><b>como destituir um s\u00edndico profissional<\/b><span style=\"font-weight: 400;\">? \u00c9 s\u00f3 ler este post at\u00e9 o fim!<\/span><\/p>\n<h2><b>Destitui\u00e7\u00e3o de s\u00edndico profissional: recomenda\u00e7\u00f5es&nbsp;<\/b><\/h2>\n<p><span style=\"font-weight: 400;\">Para n\u00e3o ter dor de cabe\u00e7a na hora do processo de destitui\u00e7\u00e3o de s\u00edndico profissional, \u00e9 recomend\u00e1vel que essa situa\u00e7\u00e3o seja estabelecida no <\/span><b>contrato<\/b><span style=\"font-weight: 400;\"> de trabalho. Essa atitude \u00e9 importante porque evita incertezas, j\u00e1 que no documento constar\u00e3o tanto as fun\u00e7\u00f5es como o funcionamento da dispensa.&nbsp;<\/span><\/p>\n<p><span style=\"font-weight: 400;\">\u00c9 essencial tamb\u00e9m que o conselho fiscal emita uma comunica\u00e7\u00e3o do aviso pr\u00e9vio da demiss\u00e3o, assim como faria para qualquer funcion\u00e1rio. Nesse caso, o ideal \u00e9 que esse per\u00edodo n\u00e3o supere 30 dias. Outra alternativa que pode ajudar a descomplicar essa quest\u00e3o \u00e9 solicitar uma carta de ren\u00fancia a ele.&nbsp;<\/span><\/p>\n<p><span style=\"font-weight: 400;\">Quer saber, <\/span><b>exatamente<\/b><span style=\"font-weight: 400;\">, o que deve conter cada cl\u00e1usula do contrato de um s\u00edndico profissional? Ent\u00e3o,<\/span><a href=\"https:\/\/www.ohub.com.br\/ideias\/contrato-sindico-profissional\/\"><span style=\"font-weight: 400;\"> leia este artigo<\/span><\/a><span style=\"font-weight: 400;\"> e tire agora todas as suas d\u00favidas sobre o assunto!&nbsp;<\/span><\/p>\n<h2><b>Destitui\u00e7\u00e3o de s\u00edndico profissional na pr\u00e1tica<\/b><\/h2>\n<p><span style=\"font-weight: 400;\">O caminho <\/span><b>ideal e legal<\/b><span style=\"font-weight: 400;\"> para a destitui\u00e7\u00e3o de s\u00edndico profissional \u00e9 o de convocar uma assembleia. Essa pr\u00e1tica \u00e9 boa porque tamb\u00e9m ajuda a evitar eventuais confus\u00f5es a respeito dessa situa\u00e7\u00e3o.&nbsp;<\/span><\/p>\n<p><span style=\"font-weight: 400;\">Para tirar o gestor de sua fun\u00e7\u00e3o, \u00e9 preciso seguir o que manda o C\u00f3digo Civil, como mostra o Artigo 1.349:<\/span><\/p>\n<p><span style=\"font-weight: 400;\">\u201cA assembleia, especialmente convocada para o fim estabelecido no \u00a7 2o do artigo antecedente, poder\u00e1, pelo voto da maioria absoluta de seus membros, destituir o s\u00edndico que praticar irregularidades, n\u00e3o prestar contas, ou n\u00e3o administrar convenientemente o condom\u00ednio\u201d.&nbsp;<\/span><\/p>\n<p><span style=\"font-weight: 400;\">Vale destacar que para esse procedimento ter validade, \u00e9 exigido um quorum da maioria absoluta de seus membros. Ou seja, deve ter a presen\u00e7a de mais de 50% dos condom\u00ednios.&nbsp;<\/span><\/p>\n<p><span style=\"font-weight: 400;\">Os motivos para realizar a destitui\u00e7\u00e3o de s\u00edndico profissional tamb\u00e9m devem contar com respaldo legal. O <\/span><a href=\"https:\/\/www.jusbrasil.com.br\/topicos\/10644341\/artigo-1348-da-lei-n-10406-de-10-de-janeiro-de-2002\" target=\"_blank\" rel=\"noopener noreferrer\"><span style=\"font-weight: 400;\">Art. 1348 <\/span><\/a><span style=\"font-weight: 400;\">do C\u00f3digo Civil descreve os devedores do cargo. De forma resumida, eles s\u00e3o:&nbsp;<\/span><\/p>\n<ul>\n<li style=\"font-weight: 400;\"><span style=\"font-weight: 400;\">cumprir e fazer a cumprir a conven\u00e7\u00e3o, o regime interino e as determina\u00e7\u00f5es da assembleia;<\/span><\/li>\n<li style=\"font-weight: 400;\"><span style=\"font-weight: 400;\">zelar pela conserva\u00e7\u00e3o das \u00e1reas comuns;<\/span><\/li>\n<li style=\"font-weight: 400;\"><span style=\"font-weight: 400;\">defender os interesses do empreendimento;<\/span><\/li>\n<li style=\"font-weight: 400;\"><span style=\"font-weight: 400;\">manter os moradores informados sobre procedimentos judiciais ou administrativos do interesse do condom\u00ednio;<\/span><\/li>\n<li style=\"font-weight: 400;\"><span style=\"font-weight: 400;\">prestar contas de forma adequada;<\/span><\/li>\n<li style=\"font-weight: 400;\"><span style=\"font-weight: 400;\">n\u00e3o cometer fraudes ou outros atos ilegais;<\/span><\/li>\n<li style=\"font-weight: 400;\"><span style=\"font-weight: 400;\">realizar o seguro da edifica\u00e7\u00e3o;&nbsp;<\/span><\/li>\n<li style=\"font-weight: 400;\"><span style=\"font-weight: 400;\">elaborar o or\u00e7amento da receita e da despesa;<\/span><\/li>\n<li style=\"font-weight: 400;\"><span style=\"font-weight: 400;\">cobrar as contribui\u00e7\u00f5es dos condom\u00ednios e impor, caso necess\u00e1rio, as multas devidas.<\/span><\/li>\n<\/ul>\n<p><img loading=\"lazy\" class=\"aligncenter size-full wp-image-5420\" src=\"https:\/\/www.ohub.com.br\/ideias\/wp-content\/uploads\/2019\/09\/destituicaodesindicoprofissional1.jpg\" alt=\"destitui\u00e7\u00e3o de s\u00edndico profissional\" width=\"660\" height=\"440\" srcset=\"https:\/\/www.ohub.com.br\/ideias\/wp-content\/uploads\/2019\/09\/destituicaodesindicoprofissional1.jpg 660w, https:\/\/www.ohub.com.br\/ideias\/wp-content\/uploads\/2019\/09\/destituicaodesindicoprofissional1-300x200.jpg 300w\" sizes=\"(max-width: 660px) 100vw, 660px\" \/><\/p>\n<p style=\"text-align: center;\"><span style=\"font-weight: 400;\">Cr\u00e9dito: <\/span><a href=\"https:\/\/www.freepik.com\/premium-photo\/businessman-handshake-with-male-lawyer-after-discussing-good-deal-contract_3886362.htm#page=1&amp;query=law&amp;position=3\" target=\"_blank\" rel=\"noopener noreferrer\"><span style=\"font-weight: 400;\">Freepik<\/span><\/a><\/p>\n<h2><b>O que fazer depois da destitui\u00e7\u00e3o de s\u00edndico profissional?&nbsp;<\/b><\/h2>\n<p><span style=\"font-weight: 400;\">Ap\u00f3s a destitui\u00e7\u00e3o de s\u00edndico profissional, \u00e9 preciso eleger um novo gestor. Afinal, todo empreendimento <\/span><b>precisa<\/b><span style=\"font-weight: 400;\"> de um representante legal, pois n\u00e3o existe <\/span><a href=\"https:\/\/www.ohub.com.br\/ideias\/condominio-sem-sindico\/\"><span style=\"font-weight: 400;\">condom\u00ednio sem s\u00edndico.<\/span><\/a><\/p>\n<p><span style=\"font-weight: 400;\">O recomend\u00e1vel \u00e9 que na pr\u00f3pria assembleia de destitui\u00e7\u00e3o j\u00e1 seja realizada a elei\u00e7\u00e3o de um novo s\u00edndico. Essa atitude evitaria a figura do s\u00edndico interino. No entanto, caso isso n\u00e3o ocorra, o que vale \u00e9 a decis\u00e3o disposta na conven\u00e7\u00e3o do condom\u00ednio.&nbsp;<\/span><\/p>\n<p><span style=\"font-weight: 400;\">Vale destacar que o mandato deve obedecer ao prazo de vig\u00eancia estabelecido. Em outras palavras, isso significa que se o per\u00edodo de gest\u00e3o era de dois anos, e a destitui\u00e7\u00e3o aconteceu faltando um para o final, o novo s\u00edndico deve apenas completar o prazo que falta.&nbsp;<\/span><\/p>\n<h2><b>Cuidados para contratar um s\u00edndico profissional<\/b><\/h2>\n<p><span style=\"font-weight: 400;\">Agora que voc\u00ea j\u00e1 sabe como destituir um s\u00edndico profissional, \u00e9 bom tomar alguns cuidados para contratar outro. Afinal, <\/span><b>n\u00e3o <\/b><span style=\"font-weight: 400;\">foi por que voc\u00ea teve uma experi\u00eancia ruim que ela se repetir\u00e1, certo?&nbsp;<\/span><\/p>\n<p><span style=\"font-weight: 400;\">No entanto, para n\u00e3o ter surpresas desagrad\u00e1veis e garantir que o prestador de servi\u00e7os seja bem preparado, \u00e9 fundamental seguir algumas pr\u00e1ticas. Algumas delas s\u00e3o:<\/span><\/p>\n<ul>\n<li style=\"font-weight: 400;\"><span style=\"font-weight: 400;\">verifique se a pessoa possui cursos de especializa\u00e7\u00e3o;<\/span><\/li>\n<li style=\"font-weight: 400;\"><span style=\"font-weight: 400;\">pe\u00e7a refer\u00eancias de onde ela trabalhou;<\/span><\/li>\n<li style=\"font-weight: 400;\"><span style=\"font-weight: 400;\">confira se ela tem antecedentes criminais;&nbsp;<\/span><\/li>\n<li style=\"font-weight: 400;\"><span style=\"font-weight: 400;\">visite os pr\u00e9dios em que ela trabalhou.<\/span><\/li>\n<\/ul>\n<p><span style=\"font-weight: 400;\">Para saber, em detalhes, como contratar um bom s\u00edndico profissional, \u00e9 s\u00f3 <\/span><a href=\"https:\/\/www.ohub.com.br\/ideias\/como-contratar-um-sindico-profissional\/\"><span style=\"font-weight: 400;\">ler este artigo.<\/span><\/a><\/p>\n<p><img loading=\"lazy\" class=\"aligncenter size-full wp-image-5421\" src=\"https:\/\/www.ohub.com.br\/ideias\/wp-content\/uploads\/2019\/09\/destituicaodesindicoprofissional2.jpg\" alt=\"como destituir um s\u00edndico\" width=\"660\" height=\"660\" srcset=\"https:\/\/www.ohub.com.br\/ideias\/wp-content\/uploads\/2019\/09\/destituicaodesindicoprofissional2.jpg 660w, https:\/\/www.ohub.com.br\/ideias\/wp-content\/uploads\/2019\/09\/destituicaodesindicoprofissional2-150x150.jpg 150w, https:\/\/www.ohub.com.br\/ideias\/wp-content\/uploads\/2019\/09\/destituicaodesindicoprofissional2-300x300.jpg 300w\" sizes=\"(max-width: 660px) 100vw, 660px\" \/><\/p>\n<p style=\"text-align: center;\"><span style=\"font-weight: 400;\">Cr\u00e9dito: <\/span><a href=\"https:\/\/www.freepik.com\/free-vector\/business-man-shaking-hands-signed-contract_1311568.htm#page=1&amp;query=contract&amp;position=0\" target=\"_blank\" rel=\"noopener noreferrer\"><span style=\"font-weight: 400;\">Freepik<\/span><\/a><\/p>\n<p><script type=\"text\/javascript\" src=\"https:\/\/www.ohub.com.br\/js\/ohub_widget.js\"><\/script><script type=\"text\/javascript\">loadohubWidget ('B0540');<\/script><\/p>\n<p>Veja no v\u00eddeo abaixo como o oHub ajuda a sua empresa a encontrar fornecedores de servi\u00e7os:<\/p>\n<p><iframe src=\"https:\/\/player.vimeo.com\/video\/89209081\" width=\"640\" height=\"360\" frameborder=\"0\" allow=\"autoplay; fullscreen\" allowfullscreen=\"\"><\/iframe><br \/>\n<span style=\"font-weight: 400;\"><\/span><\/p>\n<p><span style=\"font-weight: 400;\">Precisa de ajuda nessa empreitada? Pois saiba que h\u00e1 no mercado excelentes <\/span><a href=\"https:\/\/www.ohub.com.br\/ideias\/empresa-de-sindico-profissional\/\"><span style=\"font-weight: 400;\">empresas que trabalham oferecendo esse profissional.<\/span><\/a><span style=\"font-weight: 400;\"> Quer tornar essa jornada mais <\/span><b>f\u00e1cil<\/b><span style=\"font-weight: 400;\">? Ent\u00e3o, conte com o oHub! <\/span><a href=\"https:\/\/www.ohub.com.br\/empresas\/sindico-profissional\"><span style=\"font-weight: 400;\">Clicando aqui <\/span><\/a><span style=\"font-weight: 400;\">voc\u00ea faz, rapidamente, um or\u00e7amento e recebe propostas das <\/span><b>melhores <\/b><span style=\"font-weight: 400;\">companhias de s\u00edndico profissional do mercado.&nbsp;<\/span><\/p>\n<p><span style=\"font-weight: 400;\">O seu caso \u00e9 diferente, pois \u00e9 um <\/span><b>fornecedor<\/b><span style=\"font-weight: 400;\">? Podemos ajudar voc\u00ea tamb\u00e9m! Basta <\/span><a href=\"https:\/\/www.ohub.com.br\/cadastro\"><span style=\"font-weight: 400;\">clicar aqui<\/span><\/a><span style=\"font-weight: 400;\"> e fazer seu cadastro para, assim, conquistar novos clientes.<\/span><\/p>\n","protected":false},"excerpt":{"rendered":"<p>H\u00e1 muitas d\u00favidas em rela\u00e7\u00e3o \u00e0 destitui\u00e7\u00e3o de s\u00edndico profissional. Uma das raz\u00f5es \u00e9 a incerteza sobre o cargo. Afinal, ele \u00e9 um representante do condom\u00ednio ou apenas um funcion\u00e1rio terceirizado? Segundo o advogado Rodrigo Karpat, essa pol\u00eamica acontece porque as opini\u00f5es s\u00e3o divididas. Alguns condom\u00ednios consideram o s\u00edndico profissional apenas um prestador de servi\u00e7os. &hellip;<\/p>\n","protected":false},"author":2,"featured_media":5419,"comment_status":"open","ping_status":"open","sticky":false,"template":"","format":"standard","meta":[],"categories":[43],"tags":[],"yoast_head":"<!-- This site is optimized with the Yoast SEO Premium plugin v14.9 - https:\/\/yoast.com\/wordpress\/plugins\/seo\/ -->\n<title>Destitui\u00e7\u00e3o de s\u00edndico profissional: entenda a controv\u00e9rsia<\/title>\n<meta name=\"description\" content=\"O processo de destitui\u00e7\u00e3o de s\u00edndico profissional pode ser pol\u00eamico. Descubra o porqu\u00ea e saiba como destituir um s\u00edndico profissional aqui.\" \/>\n<meta name=\"robots\" content=\"index, follow, max-snippet:-1, max-image-preview:large, max-video-preview:-1\" \/>\n<link rel=\"canonical\" href=\"https:\/\/www.ohub.com.br\/ideias\/destituicao-de-sindico-profissional\/\" \/>\n<meta property=\"og:locale\" content=\"pt_BR\" \/>\n<meta property=\"og:type\" content=\"article\" \/>\n<meta property=\"og:title\" content=\"Destitui\u00e7\u00e3o de s\u00edndico profissional: entenda a controv\u00e9rsia\" \/>\n<meta property=\"og:description\" content=\"O processo de destitui\u00e7\u00e3o de s\u00edndico profissional pode ser pol\u00eamico. Descubra o porqu\u00ea e saiba como destituir um s\u00edndico profissional aqui.\" \/>\n<meta property=\"og:url\" content=\"https:\/\/www.ohub.com.br\/ideias\/destituicao-de-sindico-profissional\/\" \/>\n<meta property=\"og:site_name\" content=\"Ideias\" \/>\n<meta property=\"article:published_time\" content=\"2019-09-25T09:00:28+00:00\" \/>\n<meta property=\"article:modified_time\" content=\"2021-01-29T20:55:06+00:00\" \/>\n<meta property=\"og:image\" content=\"https:\/\/www.ohub.com.br\/ideias\/wp-content\/uploads\/2019\/09\/demissaodesindicoprofissional-capa.jpg\" \/>\n\t<meta property=\"og:image:width\" content=\"626\" \/>\n\t<meta property=\"og:image:height\" content=\"365\" \/>\n<!-- \/ Yoast SEO Premium plugin. -->","_links":{"self":[{"href":"https:\/\/www.ohub.com.br\/ideias\/wp-json\/wp\/v2\/posts\/5418"}],"collection":[{"href":"https:\/\/www.ohub.com.br\/ideias\/wp-json\/wp\/v2\/posts"}],"about":[{"href":"https:\/\/www.ohub.com.br\/ideias\/wp-json\/wp\/v2\/types\/post"}],"author":[{"embeddable":true,"href":"https:\/\/www.ohub.com.br\/ideias\/wp-json\/wp\/v2\/users\/2"}],"replies":[{"embeddable":true,"href":"https:\/\/www.ohub.com.br\/ideias\/wp-json\/wp\/v2\/comments?post=5418"}],"version-history":[{"count":3,"href":"https:\/\/www.ohub.com.br\/ideias\/wp-json\/wp\/v2\/posts\/5418\/revisions"}],"predecessor-version":[{"id":12024,"href":"https:\/\/www.ohub.com.br\/ideias\/wp-json\/wp\/v2\/posts\/5418\/revisions\/12024"}],"wp:featuredmedia":[{"embeddable":true,"href":"https:\/\/www.ohub.com.br\/ideias\/wp-json\/wp\/v2\/media\/5419"}],"wp:attachment":[{"href":"https:\/\/www.ohub.com.br\/ideias\/wp-json\/wp\/v2\/media?parent=5418"}],"wp:term":[{"taxonomy":"category","embeddable":true,"href":"https:\/\/www.ohub.com.br\/ideias\/wp-json\/wp\/v2\/categories?post=5418"},{"taxonomy":"post_tag","embeddable":true,"href":"https:\/\/www.ohub.com.br\/ideias\/wp-json\/wp\/v2\/tags?post=5418"}],"curies":[{"name":"wp","href":"https:\/\/api.w.org\/{rel}","templated":true}]}}